{"id":751,"date":"2019-02-07T14:18:22","date_gmt":"2019-02-07T18:18:22","guid":{"rendered":"https:\/\/unitedwayeo.ca\/about-us\/news-and-stories\/copy-of-it-wasnt-safe-at-home\/"},"modified":"2019-09-09T14:29:13","modified_gmt":"2019-09-09T18:29:13","slug":"je-netais-pas-en-securite-chez-moi","status":"publish","type":"news","link":"https:\/\/unitedwayeo.mydev.ca\/fr\/nouvelles-et-recits\/je-netais-pas-en-securite-chez-moi\/","title":{"rendered":"\u00ab Je n\u2019\u00e9tais pas en s\u00e9curit\u00e9 chez moi. \u00bb"},"content":{"rendered":"\t\t<div data-elementor-type=\"wp-post\" data-elementor-id=\"751\" class=\"elementor elementor-751 elementor-643\" data-elementor-post-type=\"news\">\n\t\t\t\t\t\t<section class=\"elementor-section elementor-top-section elementor-element elementor-element-382fca5 elementor-section-boxed elementor-section-height-default elementor-section-height-default\" data-id=\"382fca5\" data-element_type=\"section\">\n\t\t\t\t\t\t<div class=\"elementor-container elementor-column-gap-default\">\n\t\t\t\t\t<div class=\"elementor-column elementor-col-100 elementor-top-column elementor-element elementor-element-c595b47\" data-id=\"c595b47\" data-element_type=\"column\">\n\t\t\t<div class=\"elementor-widget-wrap elementor-element-populated\">\n\t\t\t\t\t\t<div class=\"elementor-element elementor-element-c26fd47 elementor-widget elementor-widget-text-editor\" data-id=\"c26fd47\" data-element_type=\"widget\" data-widget_type=\"text-editor.default\">\n\t\t\t\t<div class=\"elementor-widget-container\">\n\t\t\t\t\t\t\t<p>Il y a cinq ans, le fils de Roxanne commen\u00e7a \u00e0 souffrir de probl\u00e8mes de sant\u00e9 mentale. Il faisait face \u00e0 d\u2019importants d\u00e9fis, et cela imposait beaucoup de stress \u00e0 sa famille.<\/p><p>\u00ab\u00a0Nous en \u00e9tions au point o\u00f9 mon fils \u00e9tait si agressif que nous n\u2019\u00e9tions plus en s\u00e9curit\u00e9 chez nous,\u00a0\u00bb explique Roxanne.<\/p><p>Par surcro\u00eet, Roxanne se sentait seule dans la lutte. Lorsqu\u2019elle discutait avec d\u2019autres parents, elle se sentait rejet\u00e9e ou comme si les d\u00e9fis auxquels son fils se butait \u00e9taient de\u00a0<em>sa\u00a0<\/em>faute. Elle entendait ce qui suit : si elle avait \u00e9lev\u00e9 son fils diff\u00e9remment, si elle avait en seulement tent\u00e9 une approche diff\u00e9rente, son fils serait peut-\u00eatre en meilleure sant\u00e9.<\/p><p>En raison de ce stigmate sur la sant\u00e9 mentale, Roxane se sentait isol\u00e9e et contrainte au silence.<\/p><p>Apr\u00e8s avoir eu acc\u00e8s aux ressources et aux services de\u00a0<a href=\"https:\/\/www.pleo.on.ca\/fr\/\">Parents : Lignes de secours de l\u2019est de l\u2019Ontario<\/a>, un partenaire de Centraide Ottawa, Roxanne a appris que bon nombre d\u2019autres parents de la r\u00e9gion vivaient une situation semblable.<\/p><p>Les t\u00e9moignages des autres lui ont permis d\u2019apprendre des exp\u00e9riences d\u2019autrui; Roxanne a d\u00e9couvert qu\u2019il \u00e9tait possible d\u2019esp\u00e9rer et de s\u2019en sortir.<\/p>\t\t\t\t\t\t<\/div>\n\t\t\t\t<\/div>\n\t\t\t\t<div class=\"elementor-element elementor-element-c10e9c7 elementor-blockquote--skin-border elementor-blockquote--button-color-official elementor-widget elementor-widget-blockquote\" data-id=\"c10e9c7\" data-element_type=\"widget\" data-widget_type=\"blockquote.default\">\n\t\t\t\t<div class=\"elementor-widget-container\">\n\t\t\t\t\t<blockquote class=\"elementor-blockquote\">\n\t\t\t<p class=\"elementor-blockquote__content\">\n\t\t\t\t\u00ab PLEO m\u2019a offert une ligne d\u2019aide t\u00e9l\u00e9phonique et j\u2019ai pu avoir acc\u00e8s \u00e0 des groupes de soutien. J\u2019\u00e9tais surprise d\u2019apprendre que je n\u2019\u00e9tais pas seule. \u00bb\n\t\t\t<\/p>\n\t\t\t\t\t\t\t<div class=\"e-q-footer\">\n\t\t\t\t\t\t\t\t\t\t\t<cite class=\"elementor-blockquote__author\">- Roxanne<\/cite>\n\t\t\t\t\t\t\t\t\t\t\t\t\t\t<\/div>\n\t\t\t\t\t<\/blockquote>\n\t\t\t\t<\/div>\n\t\t\t\t<\/div>\n\t\t\t\t<div class=\"elementor-element elementor-element-95b1dfa elementor-widget elementor-widget-video\" data-id=\"95b1dfa\" data-element_type=\"widget\" data-settings=\"{&quot;youtube_url&quot;:&quot;https:\\\/\\\/www.youtube.com\\\/watch?v=s7oARvXOX4Y&quot;,&quot;video_type&quot;:&quot;youtube&quot;,&quot;controls&quot;:&quot;yes&quot;}\" data-widget_type=\"video.default\">\n\t\t\t\t<div class=\"elementor-widget-container\">\n\t\t\t\t\t<div class=\"elementor-wrapper elementor-open-inline\">\n\t\t\t<div class=\"elementor-video\"><\/div>\t\t<\/div>\n\t\t\t\t<\/div>\n\t\t\t\t<\/div>\n\t\t\t\t\t<\/div>\n\t\t<\/div>\n\t\t\t\t\t<\/div>\n\t\t<\/section>\n\t\t\t\t<section class=\"elementor-section elementor-top-section elementor-element elementor-element-c27b929 elementor-section-boxed elementor-section-height-default elementor-section-height-default\" data-id=\"c27b929\" data-element_type=\"section\">\n\t\t\t\t\t\t<div class=\"elementor-container elementor-column-gap-default\">\n\t\t\t\t\t<div class=\"elementor-column elementor-col-33 elementor-top-column elementor-element elementor-element-ef8335c\" data-id=\"ef8335c\" data-element_type=\"column\">\n\t\t\t<div class=\"elementor-widget-wrap elementor-element-populated\">\n\t\t\t\t\t\t<div class=\"elementor-element elementor-element-e07ef48 elementor-widget elementor-widget-image\" data-id=\"e07ef48\" data-element_type=\"widget\" data-widget_type=\"image.default\">\n\t\t\t\t<div class=\"elementor-widget-container\">\n\t\t\t\t\t\t\t\t\t\t\t\t\t<img fetchpriority=\"high\" decoding=\"async\" width=\"1024\" height=\"684\" src=\"https:\/\/unitedwayeo.mydev.ca\/wp-content\/uploads\/2019\/02\/DSC_2215-1024x684.jpg\" class=\"attachment-large size-large wp-image-646\" alt=\"\" srcset=\"https:\/\/unitedwayeo.mydev.ca\/wp-content\/uploads\/2019\/02\/DSC_2215-1024x684.jpg 1024w, https:\/\/unitedwayeo.mydev.ca\/wp-content\/uploads\/2019\/02\/DSC_2215-300x200.jpg 300w, https:\/\/unitedwayeo.mydev.ca\/wp-content\/uploads\/2019\/02\/DSC_2215-768x513.jpg 768w\" sizes=\"(max-width: 1024px) 100vw, 1024px\" \/>\t\t\t\t\t\t\t\t\t\t\t\t\t<\/div>\n\t\t\t\t<\/div>\n\t\t\t\t\t<\/div>\n\t\t<\/div>\n\t\t\t\t<div class=\"elementor-column elementor-col-66 elementor-top-column elementor-element elementor-element-67c0623\" data-id=\"67c0623\" data-element_type=\"column\">\n\t\t\t<div class=\"elementor-widget-wrap elementor-element-populated\">\n\t\t\t\t\t\t<div class=\"elementor-element elementor-element-9cce777 elementor-widget elementor-widget-text-editor\" data-id=\"9cce777\" data-element_type=\"widget\" data-widget_type=\"text-editor.default\">\n\t\t\t\t<div class=\"elementor-widget-container\">\n\t\t\t\t\t\t\t<p>PLEO est un organisme de soutien aux familles destin\u00e9 aux parents et aux soignants dont les enfants, les adolescents ou les jeunes adultes sont aux prises avec des probl\u00e8mes de sant\u00e9 mentale et (ou) de d\u00e9pendance. Centraide Ottawa a \u00e9t\u00e9, et continue d\u2019\u00eatre, l\u2019une des premi\u00e8res sources de financement de PLEO, s\u2019assurant que les parents de l\u2019est de l\u2019Ontario obtiennent le soutien dont ils ont besoin, quand ils en ont besoin.<\/p><p>Apr\u00e8s avoir communiqu\u00e9 avec la ligne d\u2019aide t\u00e9l\u00e9phonique de PLEO et particip\u00e9 \u00e0 des s\u00e9ances de soutien de groupe et de counseling individuel, Roxanne se sent mieux outill\u00e9e pour prendre soin de son fils et de sa famille. Ces services l\u2019ont aussi aid\u00e9e \u00e0 se sentir appuy\u00e9e par temps difficiles; elle savait qu\u2019il y avait toujours quelqu\u2019un l\u00e0 pour l\u2019\u00e9couter et qu\u2019un simple appel lui permettrait d\u2019avoir une telle aide.<\/p>\t\t\t\t\t\t<\/div>\n\t\t\t\t<\/div>\n\t\t\t\t\t<\/div>\n\t\t<\/div>\n\t\t\t\t\t<\/div>\n\t\t<\/section>\n\t\t\t\t<section class=\"elementor-section elementor-top-section elementor-element elementor-element-64f705f elementor-section-boxed elementor-section-height-default elementor-section-height-default\" data-id=\"64f705f\" data-element_type=\"section\">\n\t\t\t\t\t\t<div class=\"elementor-container elementor-column-gap-default\">\n\t\t\t\t\t<div class=\"elementor-column elementor-col-66 elementor-top-column elementor-element elementor-element-a923c7a\" data-id=\"a923c7a\" data-element_type=\"column\">\n\t\t\t<div class=\"elementor-widget-wrap elementor-element-populated\">\n\t\t\t\t\t\t<div class=\"elementor-element elementor-element-97ff7ed elementor-widget elementor-widget-text-editor\" data-id=\"97ff7ed\" data-element_type=\"widget\" data-widget_type=\"text-editor.default\">\n\t\t\t\t<div class=\"elementor-widget-container\">\n\t\t\t\t\t\t\t<p>En 2016-2017, gr\u00e2ce aux donateurs \u00e0 Centraide, 47\u00a0351\u00a0personnes \u00e0 Ottawa ont obtenu de l\u2019aide en mati\u00e8re de sant\u00e9 mentale et en situation de crise par l\u2019entremise de services communautaires, comme les groupes de soutien par les pairs offerts par le PLEO.<\/p>\t\t\t\t\t\t<\/div>\n\t\t\t\t<\/div>\n\t\t\t\t<div class=\"elementor-element elementor-element-2c05388 elementor-widget-divider--view-line elementor-widget elementor-widget-divider\" data-id=\"2c05388\" data-element_type=\"widget\" data-widget_type=\"divider.default\">\n\t\t\t\t<div class=\"elementor-widget-container\">\n\t\t\t\t\t<div class=\"elementor-divider\">\n\t\t\t<span class=\"elementor-divider-separator\">\n\t\t\t\t\t\t<\/span>\n\t\t<\/div>\n\t\t\t\t<\/div>\n\t\t\t\t<\/div>\n\t\t\t\t<div class=\"elementor-element elementor-element-e2d3e4a elementor-widget elementor-widget-text-editor\" data-id=\"e2d3e4a\" data-element_type=\"widget\" data-widget_type=\"text-editor.default\">\n\t\t\t\t<div class=\"elementor-widget-container\">\n\t\t\t\t\t\t\t<p><em>Chaque ann\u00e9e, une personne sur cinq \u00e0 Ottawa sera touch\u00e9e par un probl\u00e8me de sant\u00e9 mentale.<\/em><em>\u00a0Votre enfant souffre de probl\u00e8mes de sant\u00e9 mentale et vous avez besoin d\u2019aide? Composez le 613-321-3211 (r\u00e9gion d\u2019Ottawa) ou le 1-855-775-7005 (r\u00e9gions de Stormont, Dundas &amp; Glengarry; de Lanark Nord; de Grenville Nord; du comt\u00e9 de Renfrew et des comt\u00e9s unis de Prescott et Russell).<\/em><\/p>\t\t\t\t\t\t<\/div>\n\t\t\t\t<\/div>\n\t\t\t\t\t<\/div>\n\t\t<\/div>\n\t\t\t\t<div class=\"elementor-column elementor-col-33 elementor-top-column elementor-element elementor-element-32a62a0\" data-id=\"32a62a0\" data-element_type=\"column\">\n\t\t\t<div class=\"elementor-widget-wrap elementor-element-populated\">\n\t\t\t\t\t\t<div class=\"elementor-element elementor-element-982f719 elementor-blockquote--skin-border elementor-blockquote--button-color-official elementor-widget elementor-widget-blockquote\" data-id=\"982f719\" data-element_type=\"widget\" data-widget_type=\"blockquote.default\">\n\t\t\t\t<div class=\"elementor-widget-container\">\n\t\t\t\t\t<blockquote class=\"elementor-blockquote\">\n\t\t\t<p class=\"elementor-blockquote__content\">\n\t\t\t\t\u00ab Nous partageons la m\u00eame vision que Centraide : les familles peuvent obtenir de l\u2019aide lorsqu\u2019elles en ont le plus besoin. \u00bb\n\t\t\t<\/p>\n\t\t\t\t\t\t\t<div class=\"e-q-footer\">\n\t\t\t\t\t\t\t\t\t\t\t<cite class=\"elementor-blockquote__author\">Elyse Schipper, directrice g\u00e9n\u00e9rale de PLEO<\/cite>\n\t\t\t\t\t\t\t\t\t\t\t\t\t\t<\/div>\n\t\t\t\t\t<\/blockquote>\n\t\t\t\t<\/div>\n\t\t\t\t<\/div>\n\t\t\t\t\t<\/div>\n\t\t<\/div>\n\t\t\t\t\t<\/div>\n\t\t<\/section>\n\t\t\t\t<section class=\"elementor-section elementor-top-section elementor-element elementor-element-5d04cb2 elementor-section-boxed elementor-section-height-default elementor-section-height-default\" data-id=\"5d04cb2\" data-element_type=\"section\">\n\t\t\t\t\t\t<div class=\"elementor-container elementor-column-gap-default\">\n\t\t\t\t\t<div class=\"elementor-column elementor-col-100 elementor-top-column elementor-element elementor-element-1310f55\" data-id=\"1310f55\" data-element_type=\"column\">\n\t\t\t<div class=\"elementor-widget-wrap elementor-element-populated\">\n\t\t\t\t\t\t<div class=\"elementor-element elementor-element-0276ae9 elementor-widget elementor-widget-spacer\" data-id=\"0276ae9\" data-element_type=\"widget\" data-widget_type=\"spacer.default\">\n\t\t\t\t<div class=\"elementor-widget-container\">\n\t\t\t\t\t<div class=\"elementor-spacer\">\n\t\t\t<div class=\"elementor-spacer-inner\"><\/div>\n\t\t<\/div>\n\t\t\t\t<\/div>\n\t\t\t\t<\/div>\n\t\t\t\t\t<\/div>\n\t\t<\/div>\n\t\t\t\t\t<\/div>\n\t\t<\/section>\n\t\t\t\t<\/div>\n\t\t","protected":false},"excerpt":{"rendered":"<p>Lorsque son fils souffrait de probl\u00e8mes de sant\u00e9 mentale, Roxanne se sentait seule. Un partenaire de Centraide lui a offert de l\u2019aide, ainsi qu\u2019\u00e0 sa famille, lorsqu\u2019elles en avaient besoin.<\/p>\n","protected":false},"featured_media":644,"parent":0,"menu_order":0,"template":"","format":"standard","tags":[171,173,110],"regions":[35],"class_list":["post-751","news","type-news","status-publish","format-standard","has-post-thumbnail","hentry","tag-sante-mentale","tag-soutien-en-cas-de-crise","tag-soutien-en-matiere-de-sante-mentale-et-de-toxicomanie","regions-ottawa"],"acf":[],"aioseo_notices":[],"publishpress_future_action":{"enabled":false,"date":"2026-09-13 11:48:59","action":"change-status","newStatus":"draft","terms":[],"taxonomy":"regions"},"_links":{"self":[{"href":"https:\/\/unitedwayeo.mydev.ca\/fr\/wp-json\/wp\/v2\/news\/751"}],"collection":[{"href":"https:\/\/unitedwayeo.mydev.ca\/fr\/wp-json\/wp\/v2\/news"}],"about":[{"href":"https:\/\/unitedwayeo.mydev.ca\/fr\/wp-json\/wp\/v2\/types\/news"}],"version-history":[{"count":5,"href":"https:\/\/unitedwayeo.mydev.ca\/fr\/wp-json\/wp\/v2\/news\/751\/revisions"}],"predecessor-version":[{"id":32169,"href":"https:\/\/unitedwayeo.mydev.ca\/fr\/wp-json\/wp\/v2\/news\/751\/revisions\/32169"}],"wp:featuredmedia":[{"embeddable":true,"href":"https:\/\/unitedwayeo.mydev.ca\/fr\/wp-json\/wp\/v2\/media\/644"}],"wp:attachment":[{"href":"https:\/\/unitedwayeo.mydev.ca\/fr\/wp-json\/wp\/v2\/media?parent=751"}],"wp:term":[{"taxonomy":"post_tag","embeddable":true,"href":"https:\/\/unitedwayeo.mydev.ca\/fr\/wp-json\/wp\/v2\/tags?post=751"},{"taxonomy":"regions","embeddable":true,"href":"https:\/\/unitedwayeo.mydev.ca\/fr\/wp-json\/wp\/v2\/regions?post=751"}],"curies":[{"name":"wp","href":"https:\/\/api.w.org\/{rel}","templated":true}]}}