{"id":721,"date":"2019-01-21T11:00:52","date_gmt":"2019-01-21T15:00:52","guid":{"rendered":"https:\/\/unitedwayeo.ca\/about-us\/news-and-stories\/copy-of-despite-losing-her-sight-ida-maintains-her-independence\/"},"modified":"2019-09-09T15:58:06","modified_gmt":"2019-09-09T19:58:06","slug":"meme-apres-avoir-perdu-la-vue-ida-conserve-son-independance","status":"publish","type":"news","link":"https:\/\/unitedwayeo.mydev.ca\/fr\/nouvelles-et-recits\/meme-apres-avoir-perdu-la-vue-ida-conserve-son-independance\/","title":{"rendered":"M\u00eame apr\u00e8s avoir perdu la vue, Ida conserve son ind\u00e9pendance"},"content":{"rendered":"\t\t<div data-elementor-type=\"wp-post\" data-elementor-id=\"721\" class=\"elementor elementor-721 elementor-479\" data-elementor-post-type=\"news\">\n\t\t\t\t\t\t<section class=\"elementor-section elementor-top-section elementor-element elementor-element-5e6253d elementor-section-boxed elementor-section-height-default elementor-section-height-default\" data-id=\"5e6253d\" data-element_type=\"section\">\n\t\t\t\t\t\t<div class=\"elementor-container elementor-column-gap-default\">\n\t\t\t\t\t<div class=\"elementor-column elementor-col-100 elementor-top-column elementor-element elementor-element-fa67214\" data-id=\"fa67214\" data-element_type=\"column\">\n\t\t\t<div class=\"elementor-widget-wrap elementor-element-populated\">\n\t\t\t\t\t\t<div class=\"elementor-element elementor-element-204d270 elementor-widget elementor-widget-text-editor\" data-id=\"204d270\" data-element_type=\"widget\" data-widget_type=\"text-editor.default\">\n\t\t\t\t<div class=\"elementor-widget-container\">\n\t\t\t\t\t\t\t<p>Six years ago, Ida lost her eyesight to a rare genetic disorder.<\/p>\n<p>Losing her sight to illness was a traumatic experience, but she says the <a href=\"https:\/\/cnib.ca\/en?region=on_east\">CNIB<\/a> Foundation, a United Way partner, helped her access programs and services to help her through the hardship and regain her autonomy.<\/p>\n<p>CNIB&rsquo;s <a href=\"https:\/\/cnib.ca\/en\/programs-and-services\/live\/vision-mate-6?region=on_east\">Vision Mate program<\/a> matched Ida with Anne \u2013 a sighted volunteer who helps her with tasks like going to the grocery store, organizing the house, assisting with errands or simply going for walks around the neighbourhood.<\/p>\n<p>Every two weeks, Ida and Anne meet for a couple of hours. During their time together, Anne helps Ida accomplish small tasks that are sometimes made difficult by Ida\u2019s blindness.<\/p>\n\t\t\t\t\t\t<\/div>\n\t\t\t\t<\/div>\n\t\t\t\t\t<\/div>\n\t\t<\/div>\n\t\t\t\t\t<\/div>\n\t\t<\/section>\n\t\t\t\t<section class=\"elementor-section elementor-top-section elementor-element elementor-element-5feae45 elementor-section-boxed elementor-section-height-default elementor-section-height-default\" data-id=\"5feae45\" data-element_type=\"section\">\n\t\t\t\t\t\t<div class=\"elementor-container elementor-column-gap-default\">\n\t\t\t\t\t<div class=\"elementor-column elementor-col-100 elementor-top-column elementor-element elementor-element-b2489aa\" data-id=\"b2489aa\" data-element_type=\"column\">\n\t\t\t<div class=\"elementor-widget-wrap elementor-element-populated\">\n\t\t\t\t\t\t<div class=\"elementor-element elementor-element-dd2b566 elementor-blockquote--skin-border elementor-blockquote--button-view-icon-text elementor-blockquote--button-skin-classic elementor-blockquote--button-color-official elementor-widget elementor-widget-blockquote\" data-id=\"dd2b566\" data-element_type=\"widget\" data-widget_type=\"blockquote.default\">\n\t\t\t\t<div class=\"elementor-widget-container\">\n\t\t\t\t\t<blockquote class=\"elementor-blockquote\">\n\t\t\t<p class=\"elementor-blockquote__content\">\n\t\t\t\t<p>\"Right away, I was introduced to CNIB and I felt very fortunate at the time to be paired with Anne, my Vision Mate.\"<\/p>\n\t\t\t<\/p>\n\t\t\t\t\t\t\t<div class=\"e-q-footer\">\n\t\t\t\t\t\t\t\t\t\t\t<cite class=\"elementor-blockquote__author\">- Ida<\/cite>\n\t\t\t\t\t\t\t\t\t\t\t\t\t\t\t\t<a href=\"https:\/\/twitter.com\/intent\/tweet?text=%3Cp%3E%22Right+away%2C+I+was+introduced+to+CNIB+and+I+felt+very+fortunate+at+the+time+to+be+paired+with+Anne%2C+my+Vision+Mate.%22%3C%2Fp%3E%0A+%E2%80%94+-+Ida&amp;url=https%3A%2F%2Funitedwayeo.mydev.ca%2Ffr%2F%2Ffr%2Fwp-json%2Fwp%2Fv2%2Fnews%2F721\" class=\"elementor-blockquote__tweet-button\" target=\"_blank\">\n\t\t\t\t\t\t\t\t\t\t\t\t\t\t\t<i aria-hidden=\"true\" class=\"fab fa-twitter\"><\/i>\t\t\t\t\t\t\t\t\t\t\t\t\t\t\t\t\t\t\t\t\t\t\t\t\t\t\t\t\t\t<span class=\"elementor-blockquote__tweet-label\">Gazouillez<\/span>\n\t\t\t\t\t\t\t\t\t\t\t\t\t<\/a>\n\t\t\t\t\t\t\t\t\t<\/div>\n\t\t\t\t\t<\/blockquote>\n\t\t\t\t<\/div>\n\t\t\t\t<\/div>\n\t\t\t\t\t<\/div>\n\t\t<\/div>\n\t\t\t\t\t<\/div>\n\t\t<\/section>\n\t\t\t\t<section class=\"elementor-section elementor-top-section elementor-element elementor-element-b579f00 elementor-section-boxed elementor-section-height-default elementor-section-height-default\" data-id=\"b579f00\" data-element_type=\"section\">\n\t\t\t\t\t\t<div class=\"elementor-container elementor-column-gap-default\">\n\t\t\t\t\t<div class=\"elementor-column elementor-col-100 elementor-top-column elementor-element elementor-element-6ebc47d\" data-id=\"6ebc47d\" data-element_type=\"column\">\n\t\t\t<div class=\"elementor-widget-wrap elementor-element-populated\">\n\t\t\t\t\t\t<div class=\"elementor-element elementor-element-e9c82e6 elementor-widget elementor-widget-text-editor\" data-id=\"e9c82e6\" data-element_type=\"widget\" data-widget_type=\"text-editor.default\">\n\t\t\t\t<div class=\"elementor-widget-container\">\n\t\t\t\t\t\t\t<p>With Anne\u2019s support, Ida feels empowered and is better able to maintain her independence.<\/p>\n\t\t\t\t\t\t<\/div>\n\t\t\t\t<\/div>\n\t\t\t\t\t<\/div>\n\t\t<\/div>\n\t\t\t\t\t<\/div>\n\t\t<\/section>\n\t\t\t\t<section class=\"elementor-section elementor-top-section elementor-element elementor-element-d406e1c elementor-section-boxed elementor-section-height-default elementor-section-height-default\" data-id=\"d406e1c\" data-element_type=\"section\">\n\t\t\t\t\t\t<div class=\"elementor-container elementor-column-gap-default\">\n\t\t\t\t\t<div class=\"elementor-column elementor-col-100 elementor-top-column elementor-element elementor-element-db9c7b0\" data-id=\"db9c7b0\" data-element_type=\"column\">\n\t\t\t<div class=\"elementor-widget-wrap elementor-element-populated\">\n\t\t\t\t\t\t<div class=\"elementor-element elementor-element-87bce91 elementor-widget elementor-widget-video\" data-id=\"87bce91\" data-element_type=\"widget\" data-settings=\"{&quot;youtube_url&quot;:&quot;www.youtube.com\\\/embed\\\/PRfBDX6FTaM?hd=1&amp;rel=0&amp;autohide=1&amp;showinfo=0&quot;,&quot;video_type&quot;:&quot;youtube&quot;,&quot;controls&quot;:&quot;yes&quot;}\" data-widget_type=\"video.default\">\n\t\t\t\t<div class=\"elementor-widget-container\">\n\t\t\t\t\t<div class=\"elementor-wrapper elementor-open-inline\">\n\t\t\t<div class=\"elementor-video\"><\/div>\t\t<\/div>\n\t\t\t\t<\/div>\n\t\t\t\t<\/div>\n\t\t\t\t\t<\/div>\n\t\t<\/div>\n\t\t\t\t\t<\/div>\n\t\t<\/section>\n\t\t\t\t<section class=\"elementor-section elementor-top-section elementor-element elementor-element-47d8ba3 elementor-section-boxed elementor-section-height-default elementor-section-height-default\" data-id=\"47d8ba3\" data-element_type=\"section\">\n\t\t\t\t\t\t<div class=\"elementor-container elementor-column-gap-default\">\n\t\t\t\t\t<div class=\"elementor-column elementor-col-100 elementor-top-column elementor-element elementor-element-249bcd8\" data-id=\"249bcd8\" data-element_type=\"column\">\n\t\t\t<div class=\"elementor-widget-wrap elementor-element-populated\">\n\t\t\t\t\t\t<div class=\"elementor-element elementor-element-c6015b4 elementor-widget elementor-widget-text-editor\" data-id=\"c6015b4\" data-element_type=\"widget\" data-widget_type=\"text-editor.default\">\n\t\t\t\t<div class=\"elementor-widget-container\">\n\t\t\t\t\t\t\t<p>In Ontario, close to 200,000 people are blind or partially sighted. Additionally, the prevalence of sensory disabilities like sight loss are more likely to increase as adults age \u2013 and <a href=\"https:\/\/www.unitedwayottawa.ca\/seniors\">Ottawa\u2019s senior population is greater than ever before.<\/a><\/p>\n<p>United Way Ottawa works with CNIB to ensure local seniors continue to live their lives as they choose and stay connected to the community.<\/p>\n\t\t\t\t\t\t<\/div>\n\t\t\t\t<\/div>\n\t\t\t\t\t<\/div>\n\t\t<\/div>\n\t\t\t\t\t<\/div>\n\t\t<\/section>\n\t\t\t\t<section class=\"elementor-section elementor-top-section elementor-element elementor-element-0460bf0 elementor-section-boxed elementor-section-height-default elementor-section-height-default\" data-id=\"0460bf0\" data-element_type=\"section\">\n\t\t\t\t\t\t<div class=\"elementor-container elementor-column-gap-default\">\n\t\t\t\t\t<div class=\"elementor-column elementor-col-50 elementor-top-column elementor-element elementor-element-f73c84e\" data-id=\"f73c84e\" data-element_type=\"column\">\n\t\t\t<div class=\"elementor-widget-wrap elementor-element-populated\">\n\t\t\t\t\t\t<div class=\"elementor-element elementor-element-d10117b elementor-widget elementor-widget-text-editor\" data-id=\"d10117b\" data-element_type=\"widget\" data-widget_type=\"text-editor.default\">\n\t\t\t\t<div class=\"elementor-widget-container\">\n\t\t\t\t\t\t\t<p>Luckily for both Ida and Anne, CNIB takes care to match clients with volunteers who have similar interests and life experiences. After years of spending time together, Ida and Anne\u2019s relationship has evolved into a life-changing friendship that neither of them could have predicted.<\/p>\n<p>Ida says she feels much more comfortable in her home and community thanks to resources provided by CNIB, United Way, and the generous donors that make this important work possible.<\/p>\n\t\t\t\t\t\t<\/div>\n\t\t\t\t<\/div>\n\t\t\t\t<div class=\"elementor-element elementor-element-99ac001 elementor-blockquote--skin-border elementor-blockquote--button-view-icon-text elementor-blockquote--button-skin-classic elementor-blockquote--button-color-official elementor-widget elementor-widget-blockquote\" data-id=\"99ac001\" data-element_type=\"widget\" data-widget_type=\"blockquote.default\">\n\t\t\t\t<div class=\"elementor-widget-container\">\n\t\t\t\t\t<blockquote class=\"elementor-blockquote\">\n\t\t\t<p class=\"elementor-blockquote__content\">\n\t\t\t\t<p>\u201cI see that as all parties counting us in to give back to the community. To me, it\u2019s like everybody is a hero\u201d<\/p>\n\t\t\t<\/p>\n\t\t\t\t\t\t\t<div class=\"e-q-footer\">\n\t\t\t\t\t\t\t\t\t\t\t<cite class=\"elementor-blockquote__author\">- Anne\u200b<\/cite>\n\t\t\t\t\t\t\t\t\t\t\t\t\t\t\t\t<a href=\"https:\/\/twitter.com\/intent\/tweet?text=%3Cp%3E%E2%80%9CI+see+that+as+all+parties+counting+us+in+to+give+back+to+the+community.+To+me%2C+it%E2%80%99s+like+everybody+is+a+hero%E2%80%9D%3C%2Fp%3E%0A+%E2%80%94+-+Anne%E2%80%8B&amp;url=https%3A%2F%2Funitedwayeo.mydev.ca%2Ffr%2F%2Ffr%2Fwp-json%2Fwp%2Fv2%2Fnews%2F721\" class=\"elementor-blockquote__tweet-button\" target=\"_blank\">\n\t\t\t\t\t\t\t\t\t\t\t\t\t\t\t<i aria-hidden=\"true\" class=\"fab fa-twitter\"><\/i>\t\t\t\t\t\t\t\t\t\t\t\t\t\t\t\t\t\t\t\t\t\t\t\t\t\t\t\t\t\t<span class=\"elementor-blockquote__tweet-label\">Gazouillez<\/span>\n\t\t\t\t\t\t\t\t\t\t\t\t\t<\/a>\n\t\t\t\t\t\t\t\t\t<\/div>\n\t\t\t\t\t<\/blockquote>\n\t\t\t\t<\/div>\n\t\t\t\t<\/div>\n\t\t\t\t\t<\/div>\n\t\t<\/div>\n\t\t\t\t<div class=\"elementor-column elementor-col-50 elementor-top-column elementor-element elementor-element-75a6ae8\" data-id=\"75a6ae8\" data-element_type=\"column\">\n\t\t\t<div class=\"elementor-widget-wrap elementor-element-populated\">\n\t\t\t\t\t\t<div class=\"elementor-element elementor-element-3182da8 elementor-widget elementor-widget-image\" data-id=\"3182da8\" data-element_type=\"widget\" data-widget_type=\"image.default\">\n\t\t\t\t<div class=\"elementor-widget-container\">\n\t\t\t\t\t\t\t\t\t\t\t\t\t<img fetchpriority=\"high\" decoding=\"async\" width=\"1024\" height=\"684\" src=\"https:\/\/unitedwayeo.mydev.ca\/wp-content\/uploads\/2019\/01\/DSC_1243-1024x684.jpg\" class=\"attachment-large size-large wp-image-480\" alt=\"\" srcset=\"https:\/\/unitedwayeo.mydev.ca\/wp-content\/uploads\/2019\/01\/DSC_1243-1024x684.jpg 1024w, https:\/\/unitedwayeo.mydev.ca\/wp-content\/uploads\/2019\/01\/DSC_1243-300x200.jpg 300w, https:\/\/unitedwayeo.mydev.ca\/wp-content\/uploads\/2019\/01\/DSC_1243-768x513.jpg 768w\" sizes=\"(max-width: 1024px) 100vw, 1024px\" \/>\t\t\t\t\t\t\t\t\t\t\t\t\t<\/div>\n\t\t\t\t<\/div>\n\t\t\t\t\t<\/div>\n\t\t<\/div>\n\t\t\t\t\t<\/div>\n\t\t<\/section>\n\t\t\t\t<\/div>\n\t\t","protected":false},"excerpt":{"rendered":"<p>Ida a perdu la vue en raison d\u2019une maladie g\u00e9n\u00e9tique rare. Gr\u00e2ce \u00e0 un partenaire de Centraide, elle vit chez elle de fa\u00e7on ind\u00e9pendante.<\/p>\n","protected":false},"featured_media":498,"parent":0,"menu_order":0,"template":"","format":"standard","tags":[92,169,65],"regions":[35],"class_list":["post-721","news","type-news","status-publish","format-standard","has-post-thumbnail","hentry","tag-bien-vieillir","tag-personnes-agees-vulnerables","tag-successful-aging","regions-ottawa"],"acf":[],"aioseo_notices":[],"publishpress_future_action":{"enabled":false,"date":"2026-09-12 03:54:21","action":"change-status","newStatus":"draft","terms":[],"taxonomy":"regions"},"_links":{"self":[{"href":"https:\/\/unitedwayeo.mydev.ca\/fr\/wp-json\/wp\/v2\/news\/721"}],"collection":[{"href":"https:\/\/unitedwayeo.mydev.ca\/fr\/wp-json\/wp\/v2\/news"}],"about":[{"href":"https:\/\/unitedwayeo.mydev.ca\/fr\/wp-json\/wp\/v2\/types\/news"}],"version-history":[{"count":1,"href":"https:\/\/unitedwayeo.mydev.ca\/fr\/wp-json\/wp\/v2\/news\/721\/revisions"}],"predecessor-version":[{"id":32402,"href":"https:\/\/unitedwayeo.mydev.ca\/fr\/wp-json\/wp\/v2\/news\/721\/revisions\/32402"}],"wp:featuredmedia":[{"embeddable":true,"href":"https:\/\/unitedwayeo.mydev.ca\/fr\/wp-json\/wp\/v2\/media\/498"}],"wp:attachment":[{"href":"https:\/\/unitedwayeo.mydev.ca\/fr\/wp-json\/wp\/v2\/media?parent=721"}],"wp:term":[{"taxonomy":"post_tag","embeddable":true,"href":"https:\/\/unitedwayeo.mydev.ca\/fr\/wp-json\/wp\/v2\/tags?post=721"},{"taxonomy":"regions","embeddable":true,"href":"https:\/\/unitedwayeo.mydev.ca\/fr\/wp-json\/wp\/v2\/regions?post=721"}],"curies":[{"name":"wp","href":"https:\/\/api.w.org\/{rel}","templated":true}]}}