{"id":30135,"date":"2019-09-09T00:48:54","date_gmt":"2019-09-09T04:48:54","guid":{"rendered":"https:\/\/unitedwayeo.mydev.ca\/?post_type=news&#038;p=30135"},"modified":"2019-09-09T18:32:18","modified_gmt":"2019-09-09T22:32:18","slug":"centraide-de-lest-de-lontario-nouveau-nom-effet-considerable","status":"publish","type":"news","link":"https:\/\/unitedwayeo.mydev.ca\/fr\/nouvelles-et-recits\/centraide-de-lest-de-lontario-nouveau-nom-effet-considerable\/","title":{"rendered":"Centraide de l\u2019Est de l\u2019Ontario\u00a0: nouveau nom, effet consid\u00e9rable"},"content":{"rendered":"\t\t<div data-elementor-type=\"wp-post\" data-elementor-id=\"30135\" class=\"elementor elementor-30135 elementor-30099\" data-elementor-post-type=\"news\">\n\t\t\t\t\t\t<section class=\"elementor-section elementor-top-section elementor-element elementor-element-d7d978a elementor-section-boxed elementor-section-height-default elementor-section-height-default\" data-id=\"d7d978a\" data-element_type=\"section\">\n\t\t\t\t\t\t<div class=\"elementor-container elementor-column-gap-default\">\n\t\t\t\t\t<div class=\"elementor-column elementor-col-100 elementor-top-column elementor-element elementor-element-5cb8997\" data-id=\"5cb8997\" data-element_type=\"column\">\n\t\t\t<div class=\"elementor-widget-wrap elementor-element-populated\">\n\t\t\t\t\t\t<div class=\"elementor-element elementor-element-dda4580 elementor-widget elementor-widget-text-editor\" data-id=\"dda4580\" data-element_type=\"widget\" data-widget_type=\"text-editor.default\">\n\t\t\t\t<div class=\"elementor-widget-container\">\n\t\t\t\t\t\t\t<p>\u00c0 Centraide, nous cherchons constamment \u00e0 mieux servir notre communaut\u00e9.<\/p><p>Nous amor\u00e7ons \u00e0 pr\u00e9sent la prochaine \u00e9tape nous permettant de b\u00e2tir une communaut\u00e9 plus forte, plus saine et plus s\u00e9curitaire pour tous. En 2017, quatre Centraide (Prescott-Russell, Ottawa, comt\u00e9 de Lanark et comt\u00e9 de Renfrew) ont fait l\u2019objet d\u2019une fusion pour devenir une seule entit\u00e9.<\/p>\t\t\t\t\t\t<\/div>\n\t\t\t\t<\/div>\n\t\t\t\t<div class=\"elementor-element elementor-element-a6ad829 elementor-widget elementor-widget-heading\" data-id=\"a6ad829\" data-element_type=\"widget\" data-widget_type=\"heading.default\">\n\t\t\t\t<div class=\"elementor-widget-container\">\n\t\t\t<h3 class=\"elementor-heading-title elementor-size-default\">Aujourd\u2019hui, nous vous annon\u00e7ons notre nouveau nom : Centraide de l\u2019Est de l\u2019Ontario.<\/h3>\t\t<\/div>\n\t\t\t\t<\/div>\n\t\t\t\t\t<\/div>\n\t\t<\/div>\n\t\t\t\t\t<\/div>\n\t\t<\/section>\n\t\t\t\t<section class=\"elementor-section elementor-top-section elementor-element elementor-element-b72639a elementor-section-boxed elementor-section-height-default elementor-section-height-default\" data-id=\"b72639a\" data-element_type=\"section\">\n\t\t\t\t\t\t<div class=\"elementor-container elementor-column-gap-default\">\n\t\t\t\t\t<div class=\"elementor-column elementor-col-100 elementor-top-column elementor-element elementor-element-7e06db7\" data-id=\"7e06db7\" data-element_type=\"column\">\n\t\t\t<div class=\"elementor-widget-wrap elementor-element-populated\">\n\t\t\t\t\t\t<div class=\"elementor-element elementor-element-9b5640c elementor-widget elementor-widget-text-editor\" data-id=\"9b5640c\" data-element_type=\"widget\" data-widget_type=\"text-editor.default\">\n\t\t\t\t<div class=\"elementor-widget-container\">\n\t\t\t\t\t\t\t<p>Nous savons que les d\u00e9fis auxquels les gens font face ne commencent pas aux fronti\u00e8res g\u00e9ographiques et ne s\u2019y arr\u00eatent pas. L\u2019itin\u00e9rance juv\u00e9nile, l\u2019isolement des personnes \u00e2g\u00e9es et les probl\u00e8mes de sant\u00e9 mentale de nos voisins ne s\u2019arr\u00eatent pas aux limites de quartiers ou de comt\u00e9s; ce sont des enjeux auxquels nous sommes tous confront\u00e9s.<span class=\"Apple-converted-space\">\u00a0<\/span><\/p><p>Centraide de l\u2019Est de l\u2019Ontario continue de relever les d\u00e9fis les plus importants auxquels les habitants et les familles des communaut\u00e9s de Prescott et Russell, d\u2019Ottawa, et des comt\u00e9s de Lanark et de Renfrew font face.<span class=\"Apple-converted-space\">\u00a0<\/span><\/p><p>Nous savons de plus que nous sommes plus forts lorsque nous unissons nos forces et parlons d\u2019une m\u00eame voix.<span class=\"Apple-converted-space\">\u00a0<\/span><\/p><p>Pour relever les d\u00e9fis les plus importants de notre r\u00e9gion, nous devons tirer parti de la force de gens intelligents, d\u00e9vou\u00e9s et g\u00e9n\u00e9reux. C\u2019est pourquoi nous retroussons nos manches et continuons de changer les choses dans les communaut\u00e9s dans lesquelles nous vivons, travaillons et nous divertissons.<\/p>\t\t\t\t\t\t<\/div>\n\t\t\t\t<\/div>\n\t\t\t\t\t<\/div>\n\t\t<\/div>\n\t\t\t\t\t<\/div>\n\t\t<\/section>\n\t\t\t\t<section class=\"elementor-section elementor-top-section elementor-element elementor-element-eb45197 elementor-section-boxed elementor-section-height-default elementor-section-height-default\" data-id=\"eb45197\" data-element_type=\"section\">\n\t\t\t\t\t\t<div class=\"elementor-container elementor-column-gap-default\">\n\t\t\t\t\t<div class=\"elementor-column elementor-col-100 elementor-top-column elementor-element elementor-element-107366c\" data-id=\"107366c\" data-element_type=\"column\">\n\t\t\t<div class=\"elementor-widget-wrap elementor-element-populated\">\n\t\t\t\t\t\t<div class=\"elementor-element elementor-element-64e220e elementor-widget elementor-widget-heading\" data-id=\"64e220e\" data-element_type=\"widget\" data-widget_type=\"heading.default\">\n\t\t\t\t<div class=\"elementor-widget-container\">\n\t\t\t<h2 class=\"elementor-heading-title elementor-size-large\">Effet purement local<\/h2>\t\t<\/div>\n\t\t\t\t<\/div>\n\t\t\t\t\t<\/div>\n\t\t<\/div>\n\t\t\t\t\t<\/div>\n\t\t<\/section>\n\t\t\t\t<section class=\"elementor-section elementor-top-section elementor-element elementor-element-14e4955 elementor-section-boxed elementor-section-height-default elementor-section-height-default\" data-id=\"14e4955\" data-element_type=\"section\">\n\t\t\t\t\t\t<div class=\"elementor-container elementor-column-gap-default\">\n\t\t\t\t\t<div class=\"elementor-column elementor-col-50 elementor-top-column elementor-element elementor-element-9eb730c\" data-id=\"9eb730c\" data-element_type=\"column\">\n\t\t\t<div class=\"elementor-widget-wrap elementor-element-populated\">\n\t\t\t\t\t\t<div class=\"elementor-element elementor-element-17daaf6 elementor-widget elementor-widget-text-editor\" data-id=\"17daaf6\" data-element_type=\"widget\" data-widget_type=\"text-editor.default\">\n\t\t\t\t<div class=\"elementor-widget-container\">\n\t\t\t\t\t\t\t<p>Centraide de l\u2019Est de l\u2019Ontario continue d\u2019avoir un effet purement local en investissant les fonds recueillis dans les communaut\u00e9s o\u00f9 ils ont \u00e9t\u00e9 amass\u00e9s, et ce, afin d\u2019y avoir l\u2019effet le plus palpable. Il continue d\u2019avoir des bureaux, voire des activit\u00e9s, des employ\u00e9s et des b\u00e9n\u00e9voles, dans les communaut\u00e9s de Prescott et Russell, d\u2019Ottawa et des comt\u00e9s de Lanark et de Renfrew.<\/p><p>En tant qu\u2019entit\u00e9 unique, Centraide de l\u2019Est de l\u2019Ontario a l\u2019avantage de comprendre les enjeux urbains et ruraux, de les \u00e9tudier et de collaborer pour les r\u00e9soudre. L\u2019organisme est bien plac\u00e9 pour soutenir les enjeux de toutes les r\u00e9gions, comme les inondations au printemps de 2017 et de 2019. Il peut de plus relever des d\u00e9fis de voisinages, comme la r\u00e9ussite des jeunes vivant dans des quartiers prioritaires d\u2019Ottawa, ou r\u00e9duire le nombre de personnes vivant d\u2019un faible revenu \u00e0 Hawkesbury.<span class=\"Apple-converted-space\">\u00a0<\/span><\/p>\t\t\t\t\t\t<\/div>\n\t\t\t\t<\/div>\n\t\t\t\t\t<\/div>\n\t\t<\/div>\n\t\t\t\t<div class=\"elementor-column elementor-col-50 elementor-top-column elementor-element elementor-element-47bc5e3\" data-id=\"47bc5e3\" data-element_type=\"column\">\n\t\t\t<div class=\"elementor-widget-wrap elementor-element-populated\">\n\t\t\t\t\t\t<div class=\"elementor-element elementor-element-4e8cedc elementor-widget elementor-widget-image\" data-id=\"4e8cedc\" data-element_type=\"widget\" data-widget_type=\"image.default\">\n\t\t\t\t<div class=\"elementor-widget-container\">\n\t\t\t\t\t\t\t\t\t\t\t\t\t<img fetchpriority=\"high\" decoding=\"async\" width=\"974\" height=\"682\" src=\"https:\/\/unitedwayeo.mydev.ca\/wp-content\/uploads\/2019\/09\/GettyImages-1134046226.png\" class=\"attachment-large size-large wp-image-30400\" alt=\"\" srcset=\"https:\/\/unitedwayeo.mydev.ca\/wp-content\/uploads\/2019\/09\/GettyImages-1134046226.png 974w, https:\/\/unitedwayeo.mydev.ca\/wp-content\/uploads\/2019\/09\/GettyImages-1134046226-300x210.png 300w, https:\/\/unitedwayeo.mydev.ca\/wp-content\/uploads\/2019\/09\/GettyImages-1134046226-768x538.png 768w\" sizes=\"(max-width: 974px) 100vw, 974px\" \/>\t\t\t\t\t\t\t\t\t\t\t\t\t<\/div>\n\t\t\t\t<\/div>\n\t\t\t\t\t<\/div>\n\t\t<\/div>\n\t\t\t\t\t<\/div>\n\t\t<\/section>\n\t\t\t\t<section class=\"elementor-section elementor-top-section elementor-element elementor-element-e64ad49 elementor-section-boxed elementor-section-height-default elementor-section-height-default\" data-id=\"e64ad49\" data-element_type=\"section\">\n\t\t\t\t\t\t<div class=\"elementor-container elementor-column-gap-default\">\n\t\t\t\t\t<div class=\"elementor-column elementor-col-100 elementor-top-column elementor-element elementor-element-4bc1e95\" data-id=\"4bc1e95\" data-element_type=\"column\">\n\t\t\t<div class=\"elementor-widget-wrap elementor-element-populated\">\n\t\t\t\t\t\t<div class=\"elementor-element elementor-element-d5b469c elementor-blockquote--button-view-icon elementor-blockquote--skin-border elementor-blockquote--button-skin-classic elementor-blockquote--button-color-official elementor-widget elementor-widget-blockquote\" data-id=\"d5b469c\" data-element_type=\"widget\" data-widget_type=\"blockquote.default\">\n\t\t\t\t<div class=\"elementor-widget-container\">\n\t\t\t\t\t<blockquote class=\"elementor-blockquote\">\n\t\t\t<p class=\"elementor-blockquote__content\">\n\t\t\t\t\u00ab\u00a0Plusieurs personnes de notre r\u00e9gion sont confront\u00e9es \u00e0 des d\u00e9fis sociaux chroniques. Bref, une personne, un groupe ou un don ne pourra les mener \u00e0 bien \u00e0 lui seul. Ces d\u00e9fis requi\u00e8rent une connaissance approfondie, un engagement \u00e0 long terme et un investissement judicieux des ressources. Ils requi\u00e8rent le pouvoir de Centraide, et nous sommes pr\u00eats \u00e0 travailler d\u2019arrache-pied pour les gens qui en ont le plus besoin.\u00a0\u00bb\n\t\t\t<\/p>\n\t\t\t\t\t\t\t<div class=\"e-q-footer\">\n\t\t\t\t\t\t\t\t\t\t\t<cite class=\"elementor-blockquote__author\">Michael Allen, pr\u00e9sident et chef de la direction de Centraide de l\u2019Est de l\u2019Ontario <\/cite>\n\t\t\t\t\t\t\t\t\t\t\t\t\t\t\t\t<a href=\"https:\/\/twitter.com\/intent\/tweet?text=%C2%AB%C2%A0Plusieurs+personnes+de+notre+r%C3%A9gion+sont+confront%C3%A9es+%C3%A0+des+d%C3%A9fis+sociaux+chroniques.+Bref%2C+une+personne%2C+un+groupe+ou+un+don+ne+pourra+les+mener+%C3%A0+bien+%C3%A0+lui+seul.+Ces+d%C3%A9fis+requi%C3%A8rent+une+connaissance+approfondie%2C+un+engagement+%C3%A0+long+terme+et+un+investissement+judicieux+des+ressources.+Ils+requi%C3%A8rent+le+pouvoir+de+Centraide%2C+et+nous+sommes+pr%C3%AAts+%C3%A0+travailler+d%E2%80%99arrache-pied+pour+les+gens+qui+en+ont+le+plus+besoin.%C2%A0%C2%BB%0A+%E2%80%94+Michael+Allen%2C+pr%C3%A9sident+et+chef+de+la+direction+de+Centraide+de+l%E2%80%99Est+de+l%E2%80%99Ontario+&amp;url=https%3A%2F%2Funitedwayeo.mydev.ca%2Ffr%2F%2Ffr%2Fwp-json%2Fwp%2Fv2%2Fnews%2F30135\" class=\"elementor-blockquote__tweet-button\" target=\"_blank\">\n\t\t\t\t\t\t\t\t\t\t\t\t\t\t\t<i aria-hidden=\"true\" class=\"fab fa-twitter\"><\/i>\t\t\t\t\t\t\t\t\t\t\t\t\t\t\t\t\t<span class=\"elementor-screen-only\">Tweet<\/span>\n\t\t\t\t\t\t\t\t\t\t\t\t\t\t\t\t\t\t\t\t\t\t\t\t\t\t\t\t<\/a>\n\t\t\t\t\t\t\t\t\t<\/div>\n\t\t\t\t\t<\/blockquote>\n\t\t\t\t<\/div>\n\t\t\t\t<\/div>\n\t\t\t\t\t<\/div>\n\t\t<\/div>\n\t\t\t\t\t<\/div>\n\t\t<\/section>\n\t\t\t\t<section class=\"elementor-section elementor-top-section elementor-element elementor-element-83fa558 elementor-section-boxed elementor-section-height-default elementor-section-height-default\" data-id=\"83fa558\" data-element_type=\"section\">\n\t\t\t\t\t\t<div class=\"elementor-container elementor-column-gap-default\">\n\t\t\t\t\t<div class=\"elementor-column elementor-col-100 elementor-top-column elementor-element elementor-element-5a4bcc9\" data-id=\"5a4bcc9\" data-element_type=\"column\">\n\t\t\t<div class=\"elementor-widget-wrap elementor-element-populated\">\n\t\t\t\t\t\t<div class=\"elementor-element elementor-element-f54cda5 elementor-widget elementor-widget-text-editor\" data-id=\"f54cda5\" data-element_type=\"widget\" data-widget_type=\"text-editor.default\">\n\t\t\t\t<div class=\"elementor-widget-container\">\n\t\t\t\t\t\t\t<p>Pour sensiblement am\u00e9liorer la vie des personnes les plus vuln\u00e9rables, nous faisons preuve de solidarit\u00e9. <b>Il s\u2019agit l\u00e0 de notre promesse, aujourd\u2019hui et pour l\u2019avenir. <\/b><\/p>\t\t\t\t\t\t<\/div>\n\t\t\t\t<\/div>\n\t\t\t\t\t<\/div>\n\t\t<\/div>\n\t\t\t\t\t<\/div>\n\t\t<\/section>\n\t\t\t\t<section class=\"elementor-section elementor-top-section elementor-element elementor-element-e623734 elementor-section-boxed elementor-section-height-default elementor-section-height-default\" data-id=\"e623734\" data-element_type=\"section\">\n\t\t\t\t\t\t<div class=\"elementor-container elementor-column-gap-default\">\n\t\t\t\t\t<div class=\"elementor-column elementor-col-100 elementor-top-column elementor-element elementor-element-6553363\" data-id=\"6553363\" data-element_type=\"column\">\n\t\t\t<div class=\"elementor-widget-wrap elementor-element-populated\">\n\t\t\t\t\t\t<div class=\"elementor-element elementor-element-86f5bf1 elementor-widget elementor-widget-heading\" data-id=\"86f5bf1\" data-element_type=\"widget\" data-widget_type=\"heading.default\">\n\t\t\t\t<div class=\"elementor-widget-container\">\n\t\t\t<h2 class=\"elementor-heading-title elementor-size-large\">C\u00e9l\u00e9brations et appel \u00e0 l\u2019action<\/h2>\t\t<\/div>\n\t\t\t\t<\/div>\n\t\t\t\t\t<\/div>\n\t\t<\/div>\n\t\t\t\t\t<\/div>\n\t\t<\/section>\n\t\t\t\t<section class=\"elementor-section elementor-top-section elementor-element elementor-element-945cbcd elementor-section-boxed elementor-section-height-default elementor-section-height-default\" data-id=\"945cbcd\" data-element_type=\"section\">\n\t\t\t\t\t\t<div class=\"elementor-container elementor-column-gap-default\">\n\t\t\t\t\t<div class=\"elementor-column elementor-col-100 elementor-top-column elementor-element elementor-element-b12bbec\" data-id=\"b12bbec\" data-element_type=\"column\">\n\t\t\t<div class=\"elementor-widget-wrap elementor-element-populated\">\n\t\t\t\t\t\t<div class=\"elementor-element elementor-element-616f435 elementor-widget elementor-widget-text-editor\" data-id=\"616f435\" data-element_type=\"widget\" data-widget_type=\"text-editor.default\">\n\t\t\t\t<div class=\"elementor-widget-container\">\n\t\t\t\t\t\t\t<p>Le 24\u00a0septembre prochain, chaque communaut\u00e9 dans laquelle nous \u0153uvrons c\u00e9l\u00e9brera le lancement du nouveau nom de l\u2019organisme. Nous vous invitons \u00e0 venir c\u00e9l\u00e9brer avec nous et \u00e0 \u00eatre ici, avec c\u0153ur, pour nos communaut\u00e9s. Nous savons que vous aimez votre communaut\u00e9 et que nous pouvons surmonter les obstacles auxquels nos quartiers font face ensemble.<span class=\"Apple-converted-space\">\u00a0<\/span><\/p><p>Venez c\u00e9l\u00e9brer avec nous!<\/p>\t\t\t\t\t\t<\/div>\n\t\t\t\t<\/div>\n\t\t\t\t\t<\/div>\n\t\t<\/div>\n\t\t\t\t\t<\/div>\n\t\t<\/section>\n\t\t\t\t<section class=\"elementor-section elementor-top-section elementor-element elementor-element-76ac245 elementor-section-boxed elementor-section-height-default elementor-section-height-default\" data-id=\"76ac245\" data-element_type=\"section\">\n\t\t\t\t\t\t<div class=\"elementor-container elementor-column-gap-default\">\n\t\t\t\t\t<div class=\"elementor-column elementor-col-25 elementor-top-column elementor-element elementor-element-0b3463f\" data-id=\"0b3463f\" data-element_type=\"column\">\n\t\t\t<div class=\"elementor-widget-wrap elementor-element-populated\">\n\t\t\t\t\t\t<div class=\"elementor-element elementor-element-f3dbeee elementor-align-center elementor-widget elementor-widget-button\" data-id=\"f3dbeee\" data-element_type=\"widget\" data-widget_type=\"button.default\">\n\t\t\t\t<div class=\"elementor-widget-container\">\n\t\t\t\t\t<div class=\"elementor-button-wrapper\">\n\t\t\t<a class=\"elementor-button elementor-button-link elementor-size-md\" href=\"https:\/\/www.centraideeo.ca\/evenements\/voici-prescott-russell-2019\/\">\n\t\t\t\t\t\t<span class=\"elementor-button-content-wrapper\">\n\t\t\t\t\t\t\t\t\t<span class=\"elementor-button-text\">Voici Prescott-Russell<\/span>\n\t\t\t\t\t<\/span>\n\t\t\t\t\t<\/a>\n\t\t<\/div>\n\t\t\t\t<\/div>\n\t\t\t\t<\/div>\n\t\t\t\t\t<\/div>\n\t\t<\/div>\n\t\t\t\t<div class=\"elementor-column elementor-col-25 elementor-top-column elementor-element elementor-element-acc8347\" data-id=\"acc8347\" data-element_type=\"column\">\n\t\t\t<div class=\"elementor-widget-wrap elementor-element-populated\">\n\t\t\t\t\t\t<div class=\"elementor-element elementor-element-880ffee elementor-align-center elementor-widget elementor-widget-button\" data-id=\"880ffee\" data-element_type=\"widget\" data-widget_type=\"button.default\">\n\t\t\t\t<div class=\"elementor-widget-container\">\n\t\t\t\t\t<div class=\"elementor-button-wrapper\">\n\t\t\t<a class=\"elementor-button elementor-button-link elementor-size-md\" href=\"https:\/\/www.centraideeo.ca\/evenements\/voici-ottawa\/\">\n\t\t\t\t\t\t<span class=\"elementor-button-content-wrapper\">\n\t\t\t\t\t\t\t\t\t<span class=\"elementor-button-text\">Voici Ottawa<\/span>\n\t\t\t\t\t<\/span>\n\t\t\t\t\t<\/a>\n\t\t<\/div>\n\t\t\t\t<\/div>\n\t\t\t\t<\/div>\n\t\t\t\t\t<\/div>\n\t\t<\/div>\n\t\t\t\t<div class=\"elementor-column elementor-col-25 elementor-top-column elementor-element elementor-element-8a123e8\" data-id=\"8a123e8\" data-element_type=\"column\">\n\t\t\t<div class=\"elementor-widget-wrap elementor-element-populated\">\n\t\t\t\t\t\t<div class=\"elementor-element elementor-element-3d06b01 elementor-align-center elementor-widget elementor-widget-button\" data-id=\"3d06b01\" data-element_type=\"widget\" data-widget_type=\"button.default\">\n\t\t\t\t<div class=\"elementor-widget-container\">\n\t\t\t\t\t<div class=\"elementor-button-wrapper\">\n\t\t\t<a class=\"elementor-button elementor-button-link elementor-size-md\" href=\"https:\/\/www.centraideeo.ca\/evenements\/voici-le-comte-de-lanark-2019\/\">\n\t\t\t\t\t\t<span class=\"elementor-button-content-wrapper\">\n\t\t\t\t\t\t\t\t\t<span class=\"elementor-button-text\">Voici le comt\u00e9 de Lanark<\/span>\n\t\t\t\t\t<\/span>\n\t\t\t\t\t<\/a>\n\t\t<\/div>\n\t\t\t\t<\/div>\n\t\t\t\t<\/div>\n\t\t\t\t\t<\/div>\n\t\t<\/div>\n\t\t\t\t<div class=\"elementor-column elementor-col-25 elementor-top-column elementor-element elementor-element-d2ef8f4\" data-id=\"d2ef8f4\" data-element_type=\"column\">\n\t\t\t<div class=\"elementor-widget-wrap elementor-element-populated\">\n\t\t\t\t\t\t<div class=\"elementor-element elementor-element-e541cd4 elementor-align-center elementor-widget elementor-widget-button\" data-id=\"e541cd4\" data-element_type=\"widget\" data-widget_type=\"button.default\">\n\t\t\t\t<div class=\"elementor-widget-container\">\n\t\t\t\t\t<div class=\"elementor-button-wrapper\">\n\t\t\t<a class=\"elementor-button elementor-button-link elementor-size-md\" href=\"https:\/\/www.centraideeo.ca\/evenements\/voici-le-comte-de-renfrew-2019\/\">\n\t\t\t\t\t\t<span class=\"elementor-button-content-wrapper\">\n\t\t\t\t\t\t\t\t\t<span class=\"elementor-button-text\">Voici le comt\u00e9 de Renfrew<\/span>\n\t\t\t\t\t<\/span>\n\t\t\t\t\t<\/a>\n\t\t<\/div>\n\t\t\t\t<\/div>\n\t\t\t\t<\/div>\n\t\t\t\t\t<\/div>\n\t\t<\/div>\n\t\t\t\t\t<\/div>\n\t\t<\/section>\n\t\t\t\t<section class=\"elementor-section elementor-top-section elementor-element elementor-element-3658b81 elementor-section-boxed elementor-section-height-default elementor-section-height-default\" data-id=\"3658b81\" data-element_type=\"section\">\n\t\t\t\t\t\t<div class=\"elementor-container elementor-column-gap-default\">\n\t\t\t\t\t<div class=\"elementor-column elementor-col-100 elementor-top-column elementor-element elementor-element-8efccab\" data-id=\"8efccab\" data-element_type=\"column\">\n\t\t\t<div class=\"elementor-widget-wrap elementor-element-populated\">\n\t\t\t\t\t\t<div class=\"elementor-element elementor-element-1b97774 elementor-widget elementor-widget-spacer\" data-id=\"1b97774\" data-element_type=\"widget\" data-widget_type=\"spacer.default\">\n\t\t\t\t<div class=\"elementor-widget-container\">\n\t\t\t\t\t<div class=\"elementor-spacer\">\n\t\t\t<div class=\"elementor-spacer-inner\"><\/div>\n\t\t<\/div>\n\t\t\t\t<\/div>\n\t\t\t\t<\/div>\n\t\t\t\t\t<\/div>\n\t\t<\/div>\n\t\t\t\t\t<\/div>\n\t\t<\/section>\n\t\t\t\t<\/div>\n\t\t","protected":false},"excerpt":{"rendered":"<p>Nous relevons les plus grands d\u00e9fis auxquels les communaut\u00e9s de Prescott et Russell, d\u2019Ottawa et des comt\u00e9s de Lanark et de Renfrew sont confront\u00e9es.<\/p>\n","protected":false},"featured_media":31226,"parent":0,"menu_order":0,"template":"","format":"standard","tags":[94],"regions":[156,157,35,36],"class_list":["post-30135","news","type-news","status-publish","format-standard","has-post-thumbnail","hentry","tag-actualite","regions-comte-de-lanark","regions-comte-de-renfrew","regions-ottawa","regions-prescott-russell"],"acf":[],"aioseo_notices":[],"publishpress_future_action":{"enabled":false,"date":"2026-09-11 15:16:07","action":"change-status","newStatus":"draft","terms":[],"taxonomy":"regions"},"_links":{"self":[{"href":"https:\/\/unitedwayeo.mydev.ca\/fr\/wp-json\/wp\/v2\/news\/30135"}],"collection":[{"href":"https:\/\/unitedwayeo.mydev.ca\/fr\/wp-json\/wp\/v2\/news"}],"about":[{"href":"https:\/\/unitedwayeo.mydev.ca\/fr\/wp-json\/wp\/v2\/types\/news"}],"version-history":[{"count":27,"href":"https:\/\/unitedwayeo.mydev.ca\/fr\/wp-json\/wp\/v2\/news\/30135\/revisions"}],"predecessor-version":[{"id":32596,"href":"https:\/\/unitedwayeo.mydev.ca\/fr\/wp-json\/wp\/v2\/news\/30135\/revisions\/32596"}],"wp:featuredmedia":[{"embeddable":true,"href":"https:\/\/unitedwayeo.mydev.ca\/fr\/wp-json\/wp\/v2\/media\/31226"}],"wp:attachment":[{"href":"https:\/\/unitedwayeo.mydev.ca\/fr\/wp-json\/wp\/v2\/media?parent=30135"}],"wp:term":[{"taxonomy":"post_tag","embeddable":true,"href":"https:\/\/unitedwayeo.mydev.ca\/fr\/wp-json\/wp\/v2\/tags?post=30135"},{"taxonomy":"regions","embeddable":true,"href":"https:\/\/unitedwayeo.mydev.ca\/fr\/wp-json\/wp\/v2\/regions?post=30135"}],"curies":[{"name":"wp","href":"https:\/\/api.w.org\/{rel}","templated":true}]}}