{"id":28602,"date":"2018-08-08T13:22:59","date_gmt":"2018-08-08T17:22:59","guid":{"rendered":"https:\/\/unitedwayeo.ca\/about-us\/news-and-stories\/copy-of-the-path-to-friendship\/"},"modified":"2019-09-09T14:53:29","modified_gmt":"2019-09-09T18:53:29","slug":"le-chemin-vers-lamitie","status":"publish","type":"news","link":"https:\/\/unitedwayeo.mydev.ca\/fr\/nouvelles-et-recits\/le-chemin-vers-lamitie\/","title":{"rendered":"Le chemin vers l\u2019amiti\u00e9"},"content":{"rendered":"\t\t<div data-elementor-type=\"wp-post\" data-elementor-id=\"28602\" class=\"elementor elementor-28602 elementor-28597\" data-elementor-post-type=\"news\">\n\t\t\t\t\t\t<section class=\"elementor-section elementor-top-section elementor-element elementor-element-5435489 elementor-section-boxed elementor-section-height-default elementor-section-height-default\" data-id=\"5435489\" data-element_type=\"section\">\n\t\t\t\t\t\t<div class=\"elementor-container elementor-column-gap-default\">\n\t\t\t\t\t<div class=\"elementor-column elementor-col-66 elementor-top-column elementor-element elementor-element-a78e236\" data-id=\"a78e236\" data-element_type=\"column\">\n\t\t\t<div class=\"elementor-widget-wrap elementor-element-populated\">\n\t\t\t\t\t\t<div class=\"elementor-element elementor-element-636f88b elementor-widget elementor-widget-text-editor\" data-id=\"636f88b\" data-element_type=\"widget\" data-widget_type=\"text-editor.default\">\n\t\t\t\t<div class=\"elementor-widget-container\">\n\t\t\t\t\t\t\t<p><strong>D\u00e8s la naissance, les premi\u00e8res joies des parents sont de partager l\u2019identit\u00e9 sexuelle de leur enfant : gar\u00e7on ou fille.<\/strong><\/p><p>Toutefois, pour un enfant transgenre, c\u2019est toute autre chose.<\/p><p>Charlie, \u00e2g\u00e9e de 10 ans, et Warner, \u00e2g\u00e9e de 9 ans, \u00e9taient \u00e0 la naissance des gar\u00e7ons. Cependant, elles se jugent filles. Elles savaient \u00e0 un tr\u00e8s jeune \u00e2ge que quelque chose n\u2019allait pas avec le sexe avec lequel elles \u00e9taient n\u00e9es.<\/p><p class=\"p1\">Les deux jeunes filles ont \u00e9t\u00e9 victimes d\u2019intimidation, et ont cach\u00e9 leur vraie identit\u00e9 pendant un cert<span class=\"s1\">ain moment. Aujourd\u2019hui, elles sont heureuses et ont eu l\u2019occasion de tisser un lien incroyable.<\/span><\/p>\t\t\t\t\t\t<\/div>\n\t\t\t\t<\/div>\n\t\t\t\t\t<\/div>\n\t\t<\/div>\n\t\t\t\t<div class=\"elementor-column elementor-col-33 elementor-top-column elementor-element elementor-element-d119624\" data-id=\"d119624\" data-element_type=\"column\">\n\t\t\t<div class=\"elementor-widget-wrap elementor-element-populated\">\n\t\t\t\t\t\t<div class=\"elementor-element elementor-element-6f7d869 elementor-blockquote--skin-border elementor-blockquote--button-color-official elementor-widget elementor-widget-blockquote\" data-id=\"6f7d869\" data-element_type=\"widget\" data-widget_type=\"blockquote.default\">\n\t\t\t\t<div class=\"elementor-widget-container\">\n\t\t\t\t\t<blockquote class=\"elementor-blockquote\">\n\t\t\t<p class=\"elementor-blockquote__content\">\n\t\t\t\t\u00ab C\u2019\u00e9tait comme si j\u2019avais un troisi\u00e8me bras, dit Warner. C\u2019\u00e9tait comme si quelque chose n\u2019\u00e9tait pas cens\u00e9 \u00eatre l\u00e0. \u00bb\t\t\t<\/p>\n\t\t\t\t\t\t\t<div class=\"e-q-footer\">\n\t\t\t\t\t\t\t\t\t\t\t<cite class=\"elementor-blockquote__author\">- Warner<\/cite>\n\t\t\t\t\t\t\t\t\t\t\t\t\t\t<\/div>\n\t\t\t\t\t<\/blockquote>\n\t\t\t\t<\/div>\n\t\t\t\t<\/div>\n\t\t\t\t\t<\/div>\n\t\t<\/div>\n\t\t\t\t\t<\/div>\n\t\t<\/section>\n\t\t\t\t<section class=\"elementor-section elementor-top-section elementor-element elementor-element-d6c84b1 elementor-section-boxed elementor-section-height-default elementor-section-height-default\" data-id=\"d6c84b1\" data-element_type=\"section\">\n\t\t\t\t\t\t<div class=\"elementor-container elementor-column-gap-default\">\n\t\t\t\t\t<div class=\"elementor-column elementor-col-100 elementor-top-column elementor-element elementor-element-e945bd5\" data-id=\"e945bd5\" data-element_type=\"column\">\n\t\t\t<div class=\"elementor-widget-wrap elementor-element-populated\">\n\t\t\t\t\t\t<div class=\"elementor-element elementor-element-cd5ed3e elementor-widget elementor-widget-video\" data-id=\"cd5ed3e\" data-element_type=\"widget\" data-settings=\"{&quot;youtube_url&quot;:&quot;https:\\\/\\\/www.youtube.com\\\/watch?v=lhZO8g9nzYo&quot;,&quot;video_type&quot;:&quot;youtube&quot;,&quot;controls&quot;:&quot;yes&quot;}\" data-widget_type=\"video.default\">\n\t\t\t\t<div class=\"elementor-widget-container\">\n\t\t\t\t\t<div class=\"elementor-wrapper elementor-open-inline\">\n\t\t\t<div class=\"elementor-video\"><\/div>\t\t<\/div>\n\t\t\t\t<\/div>\n\t\t\t\t<\/div>\n\t\t\t\t\t<\/div>\n\t\t<\/div>\n\t\t\t\t\t<\/div>\n\t\t<\/section>\n\t\t\t\t<section class=\"elementor-section elementor-top-section elementor-element elementor-element-b1a1457 elementor-section-boxed elementor-section-height-default elementor-section-height-default\" data-id=\"b1a1457\" data-element_type=\"section\">\n\t\t\t\t\t\t<div class=\"elementor-container elementor-column-gap-default\">\n\t\t\t\t\t<div class=\"elementor-column elementor-col-50 elementor-top-column elementor-element elementor-element-fb32c9c\" data-id=\"fb32c9c\" data-element_type=\"column\">\n\t\t\t<div class=\"elementor-widget-wrap elementor-element-populated\">\n\t\t\t\t\t\t<div class=\"elementor-element elementor-element-b53aa9e elementor-widget elementor-widget-text-editor\" data-id=\"b53aa9e\" data-element_type=\"widget\" data-widget_type=\"text-editor.default\">\n\t\t\t\t<div class=\"elementor-widget-container\">\n\t\t\t\t\t\t\t<p>Les deux familles ont emprunt\u00e9 diff\u00e9rents chemins pour en arriver l\u00e0 o\u00f9 ils sont aujourd\u2019hui.<\/p><p>Originaire d\u2019une petite ville, la famille de Charlie a d\u00e9m\u00e9nag\u00e9 \u00e0 Ottawa dans le but de se faire accepter.<\/p><p>\u00ab\u00a0Nous savions que nous avions besoin d\u2019un groupe, dit Anne, la m\u00e8re de Charlie. Nous avions besoin du soutien de notre communaut\u00e9.\u00a0\u00bb<\/p><p>Les parents de Warner ont pris un peu plus de temps \u00e0 accepter que leur petit gar\u00e7on \u00e9tait en fait une fille.<\/p><p>En 2014, les deux familles ont commenc\u00e9 \u00e0 travailler avec les Services \u00e0 la famille d\u2019Ottawa, un organisme partenaire de Centraide.<\/p>\t\t\t\t\t\t<\/div>\n\t\t\t\t<\/div>\n\t\t\t\t\t<\/div>\n\t\t<\/div>\n\t\t\t\t<div class=\"elementor-column elementor-col-50 elementor-top-column elementor-element elementor-element-f4c1b58\" data-id=\"f4c1b58\" data-element_type=\"column\">\n\t\t\t<div class=\"elementor-widget-wrap elementor-element-populated\">\n\t\t\t\t\t\t<div class=\"elementor-element elementor-element-cd57819 elementor-blockquote--skin-border elementor-blockquote--button-color-official elementor-widget elementor-widget-blockquote\" data-id=\"cd57819\" data-element_type=\"widget\" data-widget_type=\"blockquote.default\">\n\t\t\t\t<div class=\"elementor-widget-container\">\n\t\t\t\t\t<blockquote class=\"elementor-blockquote\">\n\t\t\t<p class=\"elementor-blockquote__content\">\n\t\t\t\t\u00ab Les Services \u00e0 la famille d\u2019Ottawa m\u2019ont permis d\u2019avoir une amiti\u00e9, dit Charlie. Les employ\u00e9s nous traitent comme si nous \u00e9tions des membres de la famille, et nous savons que nous y sommes les bienvenus. \u00bb\n\t\t\t<\/p>\n\t\t\t\t\t\t\t<div class=\"e-q-footer\">\n\t\t\t\t\t\t\t\t\t\t\t<cite class=\"elementor-blockquote__author\">- Charlie<\/cite>\n\t\t\t\t\t\t\t\t\t\t\t\t\t\t<\/div>\n\t\t\t\t\t<\/blockquote>\n\t\t\t\t<\/div>\n\t\t\t\t<\/div>\n\t\t\t\t\t<\/div>\n\t\t<\/div>\n\t\t\t\t\t<\/div>\n\t\t<\/section>\n\t\t\t\t<section class=\"elementor-section elementor-top-section elementor-element elementor-element-d9bb26b elementor-section-boxed elementor-section-height-default elementor-section-height-default\" data-id=\"d9bb26b\" data-element_type=\"section\">\n\t\t\t\t\t\t<div class=\"elementor-container elementor-column-gap-default\">\n\t\t\t\t\t<div class=\"elementor-column elementor-col-100 elementor-top-column elementor-element elementor-element-146a6ce\" data-id=\"146a6ce\" data-element_type=\"column\">\n\t\t\t<div class=\"elementor-widget-wrap elementor-element-populated\">\n\t\t\t\t\t\t<div class=\"elementor-element elementor-element-8d21928 elementor-widget elementor-widget-heading\" data-id=\"8d21928\" data-element_type=\"widget\" data-widget_type=\"heading.default\">\n\t\t\t\t<div class=\"elementor-widget-container\">\n\t\t\t<h2 class=\"elementor-heading-title elementor-size-default\">\nLe chemin vers la fiert\u00e9 d\u2019un parent<\/h2>\t\t<\/div>\n\t\t\t\t<\/div>\n\t\t\t\t\t<\/div>\n\t\t<\/div>\n\t\t\t\t\t<\/div>\n\t\t<\/section>\n\t\t\t\t<section class=\"elementor-section elementor-top-section elementor-element elementor-element-e88cde3 elementor-section-boxed elementor-section-height-default elementor-section-height-default\" data-id=\"e88cde3\" data-element_type=\"section\">\n\t\t\t\t\t\t<div class=\"elementor-container elementor-column-gap-default\">\n\t\t\t\t\t<div class=\"elementor-column elementor-col-66 elementor-top-column elementor-element elementor-element-4591962\" data-id=\"4591962\" data-element_type=\"column\">\n\t\t\t<div class=\"elementor-widget-wrap elementor-element-populated\">\n\t\t\t\t\t\t<div class=\"elementor-element elementor-element-7b161c4 elementor-widget elementor-widget-text-editor\" data-id=\"7b161c4\" data-element_type=\"widget\" data-widget_type=\"text-editor.default\">\n\t\t\t\t<div class=\"elementor-widget-container\">\n\t\t\t\t\t\t\t<p>Bien que les deux familles admettent qu\u2019accepter le tout n\u2019\u00e9tait pas facile, elles sont tr\u00e8s fi\u00e8res aujourd\u2019hui.<\/p><p>Chris, le p\u00e8re de Charlie, se souvient de la premi\u00e8re fois o\u00f9 elle est sortie avec lui en portant une robe en public.<\/p><p>\u00ab\u00a0Je l\u2019ai amen\u00e9 faire l\u2019\u00e9picerie. C\u2019\u00e9tait comme si je marchais sur le m\u00eame nuage qu\u2019elle. C\u2019est mon enfant, comme elle doit se sentir, dit-il. C\u2019est qui elle devait \u00eatre.\u00a0\u00bb<\/p>\t\t\t\t\t\t<\/div>\n\t\t\t\t<\/div>\n\t\t\t\t<div class=\"elementor-element elementor-element-3e50b91 elementor-blockquote--skin-border elementor-blockquote--button-color-official elementor-widget elementor-widget-blockquote\" data-id=\"3e50b91\" data-element_type=\"widget\" data-widget_type=\"blockquote.default\">\n\t\t\t\t<div class=\"elementor-widget-container\">\n\t\t\t\t\t<blockquote class=\"elementor-blockquote\">\n\t\t\t<p class=\"elementor-blockquote__content\">\n\t\t\t\t\n\u00ab J\u2019ai vu ma fille pour la premi\u00e8re fois, ajoute-t-il. Je ne regretterai jamais l\u2019aimer inconditionnellement. \u00bb\t\t\t<\/p>\n\t\t\t\t\t<\/blockquote>\n\t\t\t\t<\/div>\n\t\t\t\t<\/div>\n\t\t\t\t<div class=\"elementor-element elementor-element-42bbea0 elementor-widget elementor-widget-text-editor\" data-id=\"42bbea0\" data-element_type=\"widget\" data-widget_type=\"text-editor.default\">\n\t\t\t\t<div class=\"elementor-widget-container\">\n\t\t\t\t\t\t\t<p>Anne explique que la justice a toujours occup\u00e9 une place importante dans sa vie. Elle a travaill\u00e9 avec divers organismes communautaires et est aujourd\u2019hui enseignante. La nouvelle que Charlie lui a annonc\u00e9e \u00e9tait difficile \u00e0 entendre, mais elle s\u2019est rapidement donn\u00e9 comme mission de l\u2019appuyer.<\/p>\t\t\t\t\t\t<\/div>\n\t\t\t\t<\/div>\n\t\t\t\t<div class=\"elementor-element elementor-element-a6ba5b2 elementor-widget elementor-widget-text-editor\" data-id=\"a6ba5b2\" data-element_type=\"widget\" data-widget_type=\"text-editor.default\">\n\t\t\t\t<div class=\"elementor-widget-container\">\n\t\t\t\t\t\t\t<h5><strong>Voici le point de vue d\u2019Anne\u00a0:<\/strong><\/h5>\t\t\t\t\t\t<\/div>\n\t\t\t\t<\/div>\n\t\t\t\t\t<\/div>\n\t\t<\/div>\n\t\t\t\t<div class=\"elementor-column elementor-col-33 elementor-top-column elementor-element elementor-element-b4209ef\" data-id=\"b4209ef\" data-element_type=\"column\">\n\t\t\t<div class=\"elementor-widget-wrap elementor-element-populated\">\n\t\t\t\t\t\t<div class=\"elementor-element elementor-element-024b0cb elementor-widget elementor-widget-image\" data-id=\"024b0cb\" data-element_type=\"widget\" data-widget_type=\"image.default\">\n\t\t\t\t<div class=\"elementor-widget-container\">\n\t\t\t\t\t\t\t\t\t\t<figure class=\"wp-caption\">\n\t\t\t\t\t\t\t\t\t\t<img fetchpriority=\"high\" decoding=\"async\" width=\"720\" height=\"480\" src=\"https:\/\/unitedwayeo.mydev.ca\/wp-content\/uploads\/2018\/08\/IMG_9766.jpg\" class=\"attachment-large size-large wp-image-28599\" alt=\"\" srcset=\"https:\/\/unitedwayeo.mydev.ca\/wp-content\/uploads\/2018\/08\/IMG_9766.jpg 720w, https:\/\/unitedwayeo.mydev.ca\/wp-content\/uploads\/2018\/08\/IMG_9766-300x200.jpg 300w\" sizes=\"(max-width: 720px) 100vw, 720px\" \/>\t\t\t\t\t\t\t\t\t\t\t<figcaption class=\"widget-image-caption wp-caption-text\">Anne et Chris<\/figcaption>\n\t\t\t\t\t\t\t\t\t\t<\/figure>\n\t\t\t\t\t\t\t<\/div>\n\t\t\t\t<\/div>\n\t\t\t\t\t<\/div>\n\t\t<\/div>\n\t\t\t\t\t<\/div>\n\t\t<\/section>\n\t\t\t\t<section class=\"elementor-section elementor-top-section elementor-element elementor-element-f917ee6 elementor-section-boxed elementor-section-height-default elementor-section-height-default\" data-id=\"f917ee6\" data-element_type=\"section\">\n\t\t\t\t\t\t<div class=\"elementor-container elementor-column-gap-default\">\n\t\t\t\t\t<div class=\"elementor-column elementor-col-100 elementor-top-column elementor-element elementor-element-59d5b11\" data-id=\"59d5b11\" data-element_type=\"column\">\n\t\t\t<div class=\"elementor-widget-wrap elementor-element-populated\">\n\t\t\t\t\t\t<div class=\"elementor-element elementor-element-22c4b10 elementor-widget elementor-widget-video\" data-id=\"22c4b10\" data-element_type=\"widget\" data-settings=\"{&quot;youtube_url&quot;:&quot;https:\\\/\\\/www.youtube.com\\\/watch?v=uZqdHjWF_qc&quot;,&quot;video_type&quot;:&quot;youtube&quot;,&quot;controls&quot;:&quot;yes&quot;}\" data-widget_type=\"video.default\">\n\t\t\t\t<div class=\"elementor-widget-container\">\n\t\t\t\t\t<div class=\"elementor-wrapper elementor-open-inline\">\n\t\t\t<div class=\"elementor-video\"><\/div>\t\t<\/div>\n\t\t\t\t<\/div>\n\t\t\t\t<\/div>\n\t\t\t\t\t<\/div>\n\t\t<\/div>\n\t\t\t\t\t<\/div>\n\t\t<\/section>\n\t\t\t\t<section class=\"elementor-section elementor-top-section elementor-element elementor-element-f38287e elementor-section-boxed elementor-section-height-default elementor-section-height-default\" data-id=\"f38287e\" data-element_type=\"section\">\n\t\t\t\t\t\t<div class=\"elementor-container elementor-column-gap-default\">\n\t\t\t\t\t<div class=\"elementor-column elementor-col-100 elementor-top-column elementor-element elementor-element-22ec07f\" data-id=\"22ec07f\" data-element_type=\"column\">\n\t\t\t<div class=\"elementor-widget-wrap elementor-element-populated\">\n\t\t\t\t\t\t<div class=\"elementor-element elementor-element-0cd81bb elementor-widget elementor-widget-text-editor\" data-id=\"0cd81bb\" data-element_type=\"widget\" data-widget_type=\"text-editor.default\">\n\t\t\t\t<div class=\"elementor-widget-container\">\n\t\t\t\t\t\t\t<p>Comme plusieurs, la famille de Melissa a aussi fait face \u00e0 des d\u00e9fis.<\/p><p>D\u00e8s les premi\u00e8res ann\u00e9es, sa maison \u00e9tait remplie de gar\u00e7ons. Warner, un jumeau, avait deux fr\u00e8res a\u00een\u00e9s. Elmar, le p\u00e8re de Warner, a eu de la difficult\u00e9 \u00e0 accepter que sa fille ne faisait pas seulement que passer par une phase.<\/p><p>\u00ab\u00a0Nous avons cach\u00e9 ce c\u00f4t\u00e9 de nos vies de notre famille et de nos amis,\u00a0\u00bb dit Melissa, en mentionnant que tout a chang\u00e9 lorsqu\u2019il \u00e9tait temps de couper les cheveux des enfants pour le retour \u00e0 l\u2019\u00e9cole, une ann\u00e9e donn\u00e9e.<\/p>\t\t\t\t\t\t<\/div>\n\t\t\t\t<\/div>\n\t\t\t\t<div class=\"elementor-element elementor-element-e6165e3 elementor-blockquote--skin-border elementor-blockquote--button-color-official elementor-widget elementor-widget-blockquote\" data-id=\"e6165e3\" data-element_type=\"widget\" data-widget_type=\"blockquote.default\">\n\t\t\t\t<div class=\"elementor-widget-container\">\n\t\t\t\t\t<blockquote class=\"elementor-blockquote\">\n\t\t\t<p class=\"elementor-blockquote__content\">\n\t\t\t\t\u00ab Au cours de l\u2019\u00e9t\u00e9, nous l\u2019avions laiss\u00e9 faire ce qu\u2019elle voulait et porter ce qu\u2019elle souhaitait. Elle avait grandi de cette fa\u00e7on.\u00bb\n\t\t\t<\/p>\n\t\t\t\t\t\t\t<div class=\"e-q-footer\">\n\t\t\t\t\t\t\t\t\t\t\t<cite class=\"elementor-blockquote__author\">- Melissa<\/cite>\n\t\t\t\t\t\t\t\t\t\t\t\t\t\t<\/div>\n\t\t\t\t\t<\/blockquote>\n\t\t\t\t<\/div>\n\t\t\t\t<\/div>\n\t\t\t\t<div class=\"elementor-element elementor-element-fde5002 elementor-widget elementor-widget-text-editor\" data-id=\"fde5002\" data-element_type=\"widget\" data-widget_type=\"text-editor.default\">\n\t\t\t\t<div class=\"elementor-widget-container\">\n\t\t\t\t\t\t\t<p>Lorsque Warner a refus\u00e9 de se faire couper les cheveux pour le retour \u00e0 l\u2019\u00e9cole, Melissa savait qu\u2019elle arrivait \u00e0 ce carrefour : \u00ab\u00a0Elle n\u2019avait que cinq ans. Toutefois, lorsqu\u2019elle a r\u00e9alis\u00e9 qu\u2019elle devrait retourner dans le placard de nouveau, elle a refus\u00e9.\u00a0\u00bb<\/p>\t\t\t\t\t\t<\/div>\n\t\t\t\t<\/div>\n\t\t\t\t<div class=\"elementor-element elementor-element-f08ea74 elementor-widget elementor-widget-text-editor\" data-id=\"f08ea74\" data-element_type=\"widget\" data-widget_type=\"text-editor.default\">\n\t\t\t\t<div class=\"elementor-widget-container\">\n\t\t\t\t\t\t\t<h5><strong>Voici le point de vue de Melissa\u00a0:<\/strong><\/h5>\t\t\t\t\t\t<\/div>\n\t\t\t\t<\/div>\n\t\t\t\t\t<\/div>\n\t\t<\/div>\n\t\t\t\t\t<\/div>\n\t\t<\/section>\n\t\t\t\t<section class=\"elementor-section elementor-top-section elementor-element elementor-element-6037b9d elementor-section-boxed elementor-section-height-default elementor-section-height-default\" data-id=\"6037b9d\" data-element_type=\"section\">\n\t\t\t\t\t\t<div class=\"elementor-container elementor-column-gap-default\">\n\t\t\t\t\t<div class=\"elementor-column elementor-col-100 elementor-top-column elementor-element elementor-element-a24a64e\" data-id=\"a24a64e\" data-element_type=\"column\">\n\t\t\t<div class=\"elementor-widget-wrap elementor-element-populated\">\n\t\t\t\t\t\t<div class=\"elementor-element elementor-element-fb9eda7 elementor-widget elementor-widget-video\" data-id=\"fb9eda7\" data-element_type=\"widget\" data-settings=\"{&quot;youtube_url&quot;:&quot;https:\\\/\\\/www.youtube.com\\\/watch?v=xBQ2NNLuLFw&quot;,&quot;video_type&quot;:&quot;youtube&quot;,&quot;controls&quot;:&quot;yes&quot;}\" data-widget_type=\"video.default\">\n\t\t\t\t<div class=\"elementor-widget-container\">\n\t\t\t\t\t<div class=\"elementor-wrapper elementor-open-inline\">\n\t\t\t<div class=\"elementor-video\"><\/div>\t\t<\/div>\n\t\t\t\t<\/div>\n\t\t\t\t<\/div>\n\t\t\t\t\t<\/div>\n\t\t<\/div>\n\t\t\t\t\t<\/div>\n\t\t<\/section>\n\t\t\t\t<section class=\"elementor-section elementor-top-section elementor-element elementor-element-f9d5995 elementor-section-boxed elementor-section-height-default elementor-section-height-default\" data-id=\"f9d5995\" data-element_type=\"section\">\n\t\t\t\t\t\t<div class=\"elementor-container elementor-column-gap-default\">\n\t\t\t\t\t<div class=\"elementor-column elementor-col-100 elementor-top-column elementor-element elementor-element-ac26d06\" data-id=\"ac26d06\" data-element_type=\"column\">\n\t\t\t<div class=\"elementor-widget-wrap elementor-element-populated\">\n\t\t\t\t\t\t<div class=\"elementor-element elementor-element-f39b2b4 elementor-widget elementor-widget-text-editor\" data-id=\"f39b2b4\" data-element_type=\"widget\" data-widget_type=\"text-editor.default\">\n\t\t\t\t<div class=\"elementor-widget-container\">\n\t\t\t\t\t\t\t<p>Apr\u00e8s avoir obtenu le soutien de m\u00e9decin et d\u2019organismes locaux, Elmer a \u00e9t\u00e9 capable de voir la v\u00e9ritable identit\u00e9 de Warner.<\/p><p>\u00ab\u00a0Warner n\u2019avait pas besoin de changer; j\u2019avais besoin d\u2019apprendre, dit-il. Warner \u00e9tait notre guide sur notre chemin vers la fiert\u00e9. Warner n\u2019a jamais \u00e9t\u00e9 mon fils, car elle a toujours \u00e9t\u00e9 ma fille.\u00a0\u00bb<\/p>\t\t\t\t\t\t<\/div>\n\t\t\t\t<\/div>\n\t\t\t\t<div class=\"elementor-element elementor-element-1a10fa9 elementor-widget-divider--view-line elementor-widget elementor-widget-divider\" data-id=\"1a10fa9\" data-element_type=\"widget\" data-widget_type=\"divider.default\">\n\t\t\t\t<div class=\"elementor-widget-container\">\n\t\t\t\t\t<div class=\"elementor-divider\">\n\t\t\t<span class=\"elementor-divider-separator\">\n\t\t\t\t\t\t<\/span>\n\t\t<\/div>\n\t\t\t\t<\/div>\n\t\t\t\t<\/div>\n\t\t\t\t<div class=\"elementor-element elementor-element-e239099 elementor-widget elementor-widget-text-editor\" data-id=\"e239099\" data-element_type=\"widget\" data-widget_type=\"text-editor.default\">\n\t\t\t\t<div class=\"elementor-widget-container\">\n\t\t\t\t\t\t\t<p><a href=\"https:\/\/www.centraideeo.ca\/enjeux-locaux\/soutien-de-la-communaute-lgbtq\/\" target=\"_blank\" rel=\"noopener\"><em>Chemin vers la fiert\u00e9<\/em><\/a><em><a href=\"https:\/\/www.centraideottawa.ca\/chemin-vers-la-fierte\/don\/\">\u00a0<\/a>amasse des fonds pour des programmes cl\u00e9s de la r\u00e9gion qui soutiennent les enfants, les familles et les personnes \u00e2g\u00e9es de la communaut\u00e9<\/em>\u00a0<em>LGBTQ+. Les fonds financeront les programmes du projet Ten Oaks, de Service \u00e0 la famille Ottawa et du R\u00e9seau fiert\u00e9 des a\u00een\u00e9(e)s d\u2019Ottawa.<\/em><\/p>\t\t\t\t\t\t<\/div>\n\t\t\t\t<\/div>\n\t\t\t\t<div class=\"elementor-element elementor-element-e667948 elementor-widget elementor-widget-spacer\" data-id=\"e667948\" data-element_type=\"widget\" data-widget_type=\"spacer.default\">\n\t\t\t\t<div class=\"elementor-widget-container\">\n\t\t\t\t\t<div class=\"elementor-spacer\">\n\t\t\t<div class=\"elementor-spacer-inner\"><\/div>\n\t\t<\/div>\n\t\t\t\t<\/div>\n\t\t\t\t<\/div>\n\t\t\t\t\t<\/div>\n\t\t<\/div>\n\t\t\t\t\t<\/div>\n\t\t<\/section>\n\t\t\t\t<\/div>\n\t\t","protected":false},"excerpt":{"rendered":"<p>Charlie et Warner sont de meilleures amies. Ensemble, elles d\u00e9fendent les droits des personnes LGBTQ+ et s\u2019expriment sur ce que c\u2019est d\u2019\u00eatre transgenre.<\/p>\n","protected":false},"featured_media":32147,"parent":0,"menu_order":0,"template":"","format":"standard","tags":[158,189],"regions":[14,35],"class_list":["post-28602","news","type-news","status-publish","format-standard","has-post-thumbnail","hentry","tag-chemin-vers-la-fierte-2","tag-soutien-de-la-communaute-lgbtq","regions-ottawa"],"acf":[],"aioseo_notices":[],"publishpress_future_action":{"enabled":false,"date":"2026-09-13 04:01:08","action":"change-status","newStatus":"draft","terms":[],"taxonomy":"regions"},"_links":{"self":[{"href":"https:\/\/unitedwayeo.mydev.ca\/fr\/wp-json\/wp\/v2\/news\/28602"}],"collection":[{"href":"https:\/\/unitedwayeo.mydev.ca\/fr\/wp-json\/wp\/v2\/news"}],"about":[{"href":"https:\/\/unitedwayeo.mydev.ca\/fr\/wp-json\/wp\/v2\/types\/news"}],"version-history":[{"count":6,"href":"https:\/\/unitedwayeo.mydev.ca\/fr\/wp-json\/wp\/v2\/news\/28602\/revisions"}],"predecessor-version":[{"id":32139,"href":"https:\/\/unitedwayeo.mydev.ca\/fr\/wp-json\/wp\/v2\/news\/28602\/revisions\/32139"}],"wp:featuredmedia":[{"embeddable":true,"href":"https:\/\/unitedwayeo.mydev.ca\/fr\/wp-json\/wp\/v2\/media\/32147"}],"wp:attachment":[{"href":"https:\/\/unitedwayeo.mydev.ca\/fr\/wp-json\/wp\/v2\/media?parent=28602"}],"wp:term":[{"taxonomy":"post_tag","embeddable":true,"href":"https:\/\/unitedwayeo.mydev.ca\/fr\/wp-json\/wp\/v2\/tags?post=28602"},{"taxonomy":"regions","embeddable":true,"href":"https:\/\/unitedwayeo.mydev.ca\/fr\/wp-json\/wp\/v2\/regions?post=28602"}],"curies":[{"name":"wp","href":"https:\/\/api.w.org\/{rel}","templated":true}]}}